{"id":437,"date":"2020-08-01T15:09:24","date_gmt":"2020-08-01T15:09:24","guid":{"rendered":"http:\/\/sergiodemiguel.net\/?p=437"},"modified":"2021-09-17T16:14:18","modified_gmt":"2021-09-17T16:14:18","slug":"xiv-nigranjazz","status":"publish","type":"post","link":"https:\/\/sergiodemiguelmusic.com\/es\/xiv-nigranjazz","title":{"rendered":"XIV NigranJazz"},"content":{"rendered":"<p>Fue una experiencia \u00fanica la de tocar en el XIV Festival NigranJazz, ya que adem\u00e1s de ser uno de los festivales m\u00e1s reconocidos en Galicia, fue un concierto distinto, marcado por la nueva normalidad en esta pandemia.<\/p>\n<p>Gracias tanto a la organizaci\u00f3n del NigranJazz como a Felipe Villar por contar con nosotros, y por mantener al festival con vida, pese a los momentos dif\u00edciles que estamos atravesando.<\/p>\n<p>Gracias tambi\u00e9n a todos los que vinieron a apoyarnos!<\/p>\n<p><img fetchpriority=\"high\" decoding=\"async\" class=\"wp-image-438 alignleft\" src=\"http:\/\/sergiodemiguel.net\/wp-content\/uploads\/2020\/10\/IMG_5843-300x234.jpg\" alt=\"\" width=\"551\" height=\"429\" srcset=\"https:\/\/sergiodemiguelmusic.com\/wp-content\/uploads\/2020\/10\/IMG_5843-300x234.jpg 300w, https:\/\/sergiodemiguelmusic.com\/wp-content\/uploads\/2020\/10\/IMG_5843-350x273.jpg 350w, https:\/\/sergiodemiguelmusic.com\/wp-content\/uploads\/2020\/10\/IMG_5843.jpg 698w\" sizes=\"(max-width: 551px) 100vw, 551px\" \/><\/p>\n<p><img decoding=\"async\" class=\"alignnone  wp-image-439\" src=\"http:\/\/sergiodemiguel.net\/wp-content\/uploads\/2020\/10\/IMG_5844-300x193.jpg\" alt=\"\" width=\"549\" height=\"352\" \/><\/p>\n<p>Fotos Miguel Estima<\/p>\n<p><img decoding=\"async\" class=\"alignnone size-full wp-image-585\" src=\"http:\/\/sergiodemiguel.net\/wp-content\/uploads\/2020\/08\/Nigranjaz7.jpg\" alt=\"\" width=\"640\" height=\"426\" srcset=\"https:\/\/sergiodemiguelmusic.com\/wp-content\/uploads\/2020\/08\/Nigranjaz7.jpg 640w, https:\/\/sergiodemiguelmusic.com\/wp-content\/uploads\/2020\/08\/Nigranjaz7-350x233.jpg 350w, https:\/\/sergiodemiguelmusic.com\/wp-content\/uploads\/2020\/08\/Nigranjaz7-300x200.jpg 300w\" sizes=\"(max-width: 640px) 100vw, 640px\" \/><\/p>\n<p><img loading=\"lazy\" decoding=\"async\" class=\"alignnone size-full wp-image-582\" src=\"http:\/\/sergiodemiguel.net\/wp-content\/uploads\/2021\/09\/Nigranjazz6.jpg\" alt=\"\" width=\"640\" height=\"426\" srcset=\"https:\/\/sergiodemiguelmusic.com\/wp-content\/uploads\/2021\/09\/Nigranjazz6.jpg 640w, https:\/\/sergiodemiguelmusic.com\/wp-content\/uploads\/2021\/09\/Nigranjazz6-350x233.jpg 350w, https:\/\/sergiodemiguelmusic.com\/wp-content\/uploads\/2021\/09\/Nigranjazz6-300x200.jpg 300w\" sizes=\"(max-width: 640px) 100vw, 640px\" \/><\/p>\n<p><img loading=\"lazy\" decoding=\"async\" class=\"alignnone size-full wp-image-581\" src=\"http:\/\/sergiodemiguel.net\/wp-content\/uploads\/2021\/09\/Nigranjazz5.jpg\" alt=\"\" width=\"640\" height=\"426\" srcset=\"https:\/\/sergiodemiguelmusic.com\/wp-content\/uploads\/2021\/09\/Nigranjazz5.jpg 640w, https:\/\/sergiodemiguelmusic.com\/wp-content\/uploads\/2021\/09\/Nigranjazz5-350x233.jpg 350w, https:\/\/sergiodemiguelmusic.com\/wp-content\/uploads\/2021\/09\/Nigranjazz5-300x200.jpg 300w\" sizes=\"(max-width: 640px) 100vw, 640px\" \/><\/p>\n<p><img loading=\"lazy\" decoding=\"async\" class=\"alignnone size-full wp-image-578\" src=\"http:\/\/sergiodemiguel.net\/wp-content\/uploads\/2021\/09\/Nigranjazz2.jpg\" alt=\"\" width=\"640\" height=\"426\" srcset=\"https:\/\/sergiodemiguelmusic.com\/wp-content\/uploads\/2021\/09\/Nigranjazz2.jpg 640w, https:\/\/sergiodemiguelmusic.com\/wp-content\/uploads\/2021\/09\/Nigranjazz2-350x233.jpg 350w, https:\/\/sergiodemiguelmusic.com\/wp-content\/uploads\/2021\/09\/Nigranjazz2-300x200.jpg 300w\" sizes=\"(max-width: 640px) 100vw, 640px\" \/><\/p>\n<p><img loading=\"lazy\" decoding=\"async\" class=\"alignnone size-full wp-image-580\" src=\"http:\/\/sergiodemiguel.net\/wp-content\/uploads\/2021\/09\/Nigranjazz4.jpg\" alt=\"\" width=\"640\" height=\"426\" srcset=\"https:\/\/sergiodemiguelmusic.com\/wp-content\/uploads\/2021\/09\/Nigranjazz4.jpg 640w, https:\/\/sergiodemiguelmusic.com\/wp-content\/uploads\/2021\/09\/Nigranjazz4-350x233.jpg 350w, https:\/\/sergiodemiguelmusic.com\/wp-content\/uploads\/2021\/09\/Nigranjazz4-300x200.jpg 300w\" sizes=\"(max-width: 640px) 100vw, 640px\" \/><\/p>\n<p><img loading=\"lazy\" decoding=\"async\" class=\"alignnone size-full wp-image-579\" src=\"http:\/\/sergiodemiguel.net\/wp-content\/uploads\/2021\/09\/Nigranjazz3.jpg\" alt=\"\" width=\"640\" height=\"426\" srcset=\"https:\/\/sergiodemiguelmusic.com\/wp-content\/uploads\/2021\/09\/Nigranjazz3.jpg 640w, https:\/\/sergiodemiguelmusic.com\/wp-content\/uploads\/2021\/09\/Nigranjazz3-350x233.jpg 350w, https:\/\/sergiodemiguelmusic.com\/wp-content\/uploads\/2021\/09\/Nigranjazz3-300x200.jpg 300w\" sizes=\"(max-width: 640px) 100vw, 640px\" \/><\/p>","protected":false},"excerpt":{"rendered":"<p>Fue una experiencia \u00fanica la de tocar en el XIV Festival NigranJazz, ya que adem\u00e1s de ser uno de los festivales m\u00e1s reconocidos en Galicia, fue un concierto distinto, marcado por la nueva normalidad en esta pandemia. Gracias tanto a la organizaci\u00f3n del NigranJazz como a Felipe Villar por contar con nosotros, y por mantener &hellip; <\/p>\n<p class=\"link-more\"><a href=\"https:\/\/sergiodemiguelmusic.com\/es\/xiv-nigranjazz\" class=\"more-link\">Continuar leyendo<span class=\"screen-reader-text\"> &#8220;XIV NigranJazz&#8221;<\/span><\/a><\/p>","protected":false},"author":2,"featured_media":0,"comment_status":"closed","ping_status":"open","sticky":false,"template":"","format":"standard","meta":{"_monsterinsights_skip_tracking":false,"_monsterinsights_sitenote_active":false,"_monsterinsights_sitenote_note":"","_monsterinsights_sitenote_category":0,"_uf_show_specific_survey":0,"_uf_disable_surveys":false,"_jetpack_memberships_contains_paid_content":false,"footnotes":""},"categories":[22],"tags":[],"class_list":["post-437","post","type-post","status-publish","format-standard","hentry","category-conciertos"],"aioseo_notices":[],"jetpack_featured_media_url":"","jetpack_sharing_enabled":true,"_links":{"self":[{"href":"https:\/\/sergiodemiguelmusic.com\/es\/wp-json\/wp\/v2\/posts\/437","targetHints":{"allow":["GET"]}}],"collection":[{"href":"https:\/\/sergiodemiguelmusic.com\/es\/wp-json\/wp\/v2\/posts"}],"about":[{"href":"https:\/\/sergiodemiguelmusic.com\/es\/wp-json\/wp\/v2\/types\/post"}],"author":[{"embeddable":true,"href":"https:\/\/sergiodemiguelmusic.com\/es\/wp-json\/wp\/v2\/users\/2"}],"replies":[{"embeddable":true,"href":"https:\/\/sergiodemiguelmusic.com\/es\/wp-json\/wp\/v2\/comments?post=437"}],"version-history":[{"count":7,"href":"https:\/\/sergiodemiguelmusic.com\/es\/wp-json\/wp\/v2\/posts\/437\/revisions"}],"predecessor-version":[{"id":586,"href":"https:\/\/sergiodemiguelmusic.com\/es\/wp-json\/wp\/v2\/posts\/437\/revisions\/586"}],"wp:attachment":[{"href":"https:\/\/sergiodemiguelmusic.com\/es\/wp-json\/wp\/v2\/media?parent=437"}],"wp:term":[{"taxonomy":"category","embeddable":true,"href":"https:\/\/sergiodemiguelmusic.com\/es\/wp-json\/wp\/v2\/categories?post=437"},{"taxonomy":"post_tag","embeddable":true,"href":"https:\/\/sergiodemiguelmusic.com\/es\/wp-json\/wp\/v2\/tags?post=437"}],"curies":[{"name":"wp","href":"https:\/\/api.w.org\/{rel}","templated":true}]}}