{"id":157,"date":"2019-06-22T19:54:30","date_gmt":"2019-06-22T19:54:30","guid":{"rendered":"http:\/\/sergiodemiguel.net\/?p=157"},"modified":"2019-07-03T18:54:50","modified_gmt":"2019-07-03T18:54:50","slug":"beca_prodigio_fundacion_cultural_latin_grammy_fclg_lgcf","status":"publish","type":"post","link":"https:\/\/sergiodemiguelmusic.com\/es\/beca_prodigio_fundacion_cultural_latin_grammy_fclg_lgcf","title":{"rendered":"GRACIAS&#8230; o mejor dicho &#8220;Mercy, Mercy, Mercy&#8221;"},"content":{"rendered":"<p><img fetchpriority=\"high\" decoding=\"async\" class=\"alignnone size-full wp-image-158\" src=\"http:\/\/sergiodemiguel.net\/wp-content\/uploads\/2019\/06\/IMG_6420.jpg\" alt=\"\" width=\"3782\" height=\"2872\" \/><\/p>\n<p>Como seguramente algunos ya sabr\u00e9is, a finales de Agosto empiezo una nueva etapa en mi vida en <span style=\"color: #333399;\"><strong>Berklee College of Music<\/strong> <\/span>(Boston). La semana pasada, unos d\u00edas despu\u00e9s de terminar 2\u00ba de bachillerato, viaj\u00e9 a Miami a recibir de manos de <strong>Emilio y Gloria Estefan<\/strong> la <strong>beca Prodigio de la Fundaci\u00f3n Cultural Latin Grammy<\/strong> gracias a la que podr\u00e9 cursar el grado universitario de m\u00fasica en Berklee, acerc\u00e1ndome a ese lugar m\u00e1gico repleto de grandes profesores, m\u00fasicos y talento del que aprender.<\/p>\n<p>Todav\u00eda no me lo acabo de creer, pero esto me abre la puerta en el futuro a alcanzar mi sue\u00f1o: convertirme en un m\u00fasico profesional. Queda ahora todo el trabajo por hacer&#8230; durante los pr\u00f3ximos 4 a\u00f1os voy a exprimir hasta el \u00faltimo minuto en Boston.<\/p>\n<p><img decoding=\"async\" class=\"size-full wp-image-163\" src=\"http:\/\/sergiodemiguel.net\/wp-content\/uploads\/2019\/06\/MG_0281.jpg\" alt=\"\" width=\"6240\" height=\"4160\" \/><\/p>\n<p>Es el momento de decir <strong>GRACIAS<\/strong>. Pero al margen del evidente agradecimiento a mi familia o a las personas e instituciones que me acaban de dar esta gran oportunidad ,\u00a0 quiero aprovechar la ocasi\u00f3n para darle las gracias a los <strong>profesores, organizaciones y comunidad de m\u00fasicos<\/strong> que pr\u00e1cticamente durante\u00a0 mis 17 a\u00f1os de vida me han trasladado el amor por la m\u00fasica:<\/p>\n<ul>\n<li><span style=\"color: #333399;\"><strong>Conservatorio Profesional de Vigo:<\/strong><\/span> mi profesora de piano por 10 a\u00f1os Yolanda Represas; mi profesora de Repentizaci\u00f3n y Acompa\u00f1amiento Rosa Gayoso; Antonio Rodr\u00edguez que me dio la oportunidad de ser el\u00a0 pianista de la jazzband desde los 12 a\u00f1os y muchos otros que me han acompa\u00f1ado en estos a\u00f1os (Xos\u00e9 Miguelez, Oscar Rodriguez, Blanca Palomar, Bego\u00f1a Coello, Jes\u00fas Pardal, \u00c1ngel Montes&#8230; imposible nombrar a todos). Y por supuesto a todos los amigos del Conser !! Aqu\u00ed prefiero no nombrar a nadie porque seguro que dejo a alguien fuera.<\/li>\n<li><strong><span style=\"color: #333399;\">Seminario Permanente de Jazz de Pontevedra:<\/span> <\/strong>Abe R\u00e1bade que durante 3 a\u00f1os ha sido un PROFESOR en todos los sentidos&#8230; No solo por sus infinitos conocimientos musicales que traslada mientras respira, sino sobre todo por ser una referencia y un ejemplo en cuanto a lo que un m\u00fasico debe ser y significar en su entorno. Si pudiera elegir, de mayor me gustar\u00eda ser un m\u00fasico como Abe R\u00e1bade. Junto a Abe, he podido aprender, tocar, escuchar y disfrutar con Max G\u00f3mez y Virxilio da Silva. Muchos s\u00e1bados, muchas jams&#8230;<\/li>\n<li><span style=\"color: #333399;\"><strong>Escuela Allegro<\/strong><\/span>: con Pili y Tito ocurrieron mis primeros pasos (y notas) en la m\u00fasica&#8230; Desde los 3 a\u00f1os hasta los 7 a\u00f1os&#8230; Ahora me doy cuenta de lo importante que son esos primeros pasos. Ese m\u00e9todo &#8220;estrellita&#8221; mira hasta donde se ha estirado&#8230;<\/li>\n<li><span style=\"color: #333399;\"><strong>Mis amigos M\u00fasicos y el jazz en Galicia<\/strong><\/span>: el del m\u00fasico es un oficio colectivo. Eso me gusta mucho&#8230; no he conocido a un m\u00fasico que no est\u00e9 dispuesto a ayudar a otro m\u00fasico en cualquier momento. Muchas horas hemos tocado juntos y es dificil no dejarme a nadie, pero tengo que por lo menos mencionar a mis amigos Pedro Villanueva, Ra\u00fal Cameselle, Jorge Su\u00e1rez, Antonio Castillo,\u00a0 Miguel Ponce, Eloi Pascual, Chavo, Luis Vivas, Alberto Rial, Manu Diaz, Sandra, Xulio, Sendo, Lolo, Noli Torres,&#8230;<\/li>\n<\/ul>\n<p>En Galicia hay una gran cultura musical y un gran potencial&#8230; adem\u00e1s es un sistema de educaci\u00f3n pr\u00e1cticamente gratuito que hace que la m\u00fasica pueda llegar a todos. S\u00f3lo nos falta creer en nosotros y llevar nuestra cultura all\u00e1 donde vayamos.<\/p>\n<ul>\n<li><span style=\"color: #333399; font-size: 1rem;\"><strong>Mis hermanos Latinos en Boston<\/strong><\/span><span style=\"font-size: 1rem;\">: la m\u00fasica conecta personas, pero a\u00a0 veces permite conocer y encontrar a almas gemelas aunque est\u00e9s separado por todo un oc\u00e9ano&#8230; Samuel, Carlos, Felo, Nicolle, Diana, Orlando, Popi, Pancho, David, Gerardo, Esteban, Lalo, Sim\u00f3n&#8230;\u00a0\u00a0<\/span><\/li>\n<\/ul>\n<p>Nos vemos tocando juntos! A todos vosotros y a la M\u00fasica solo os puedo decir <strong>&#8220;Mercy, Mercy, Mercy&#8221;<\/strong>\u00a0(SPJ 2018 junto a Toni Belenguer, Sandra, Miguel y Lolo):<\/p>\n<p><iframe src=\"https:\/\/www.youtube.com\/embed\/222qg_EAzTo\" width=\"560\" height=\"315\" frameborder=\"0\" allowfullscreen=\"allowfullscreen\"><\/iframe><\/p>\n<p>M\u00e1s posts de <a href=\"http:\/\/sergiodemiguel.net\/tag\/sergio-de-miguel\">Sergio de Miguel<\/a><\/p>","protected":false},"excerpt":{"rendered":"<p>Como seguramente algunos ya sabr\u00e9is, a finales de Agosto empiezo una nueva etapa en mi vida en Berklee College of Music (Boston). La semana pasada, unos d\u00edas despu\u00e9s de terminar 2\u00ba de bachillerato, viaj\u00e9 a Miami a recibir de manos de Emilio y Gloria Estefan la beca Prodigio de la Fundaci\u00f3n Cultural Latin Grammy gracias &hellip; <\/p>\n<p class=\"link-more\"><a href=\"https:\/\/sergiodemiguelmusic.com\/es\/beca_prodigio_fundacion_cultural_latin_grammy_fclg_lgcf\" class=\"more-link\">Continuar leyendo<span class=\"screen-reader-text\"> &#8220;GRACIAS&#8230; o mejor dicho &#8220;Mercy, Mercy, Mercy&#8221;&#8221;<\/span><\/a><\/p>","protected":false},"author":2,"featured_media":0,"comment_status":"closed","ping_status":"open","sticky":false,"template":"","format":"standard","meta":{"_monsterinsights_skip_tracking":false,"_monsterinsights_sitenote_active":false,"_monsterinsights_sitenote_note":"","_monsterinsights_sitenote_category":0,"_uf_show_specific_survey":0,"_uf_disable_surveys":false,"_jetpack_memberships_contains_paid_content":false,"footnotes":""},"categories":[1],"tags":[15,37,36,35,34],"class_list":["post-157","post","type-post","status-publish","format-standard","hentry","category-uncategorized","tag-berklee","tag-emilio-estefan","tag-gloria-estefan","tag-latin-grammy","tag-sergio-de-miguel"],"aioseo_notices":[],"jetpack_featured_media_url":"","jetpack_sharing_enabled":true,"_links":{"self":[{"href":"https:\/\/sergiodemiguelmusic.com\/es\/wp-json\/wp\/v2\/posts\/157","targetHints":{"allow":["GET"]}}],"collection":[{"href":"https:\/\/sergiodemiguelmusic.com\/es\/wp-json\/wp\/v2\/posts"}],"about":[{"href":"https:\/\/sergiodemiguelmusic.com\/es\/wp-json\/wp\/v2\/types\/post"}],"author":[{"embeddable":true,"href":"https:\/\/sergiodemiguelmusic.com\/es\/wp-json\/wp\/v2\/users\/2"}],"replies":[{"embeddable":true,"href":"https:\/\/sergiodemiguelmusic.com\/es\/wp-json\/wp\/v2\/comments?post=157"}],"version-history":[{"count":33,"href":"https:\/\/sergiodemiguelmusic.com\/es\/wp-json\/wp\/v2\/posts\/157\/revisions"}],"predecessor-version":[{"id":195,"href":"https:\/\/sergiodemiguelmusic.com\/es\/wp-json\/wp\/v2\/posts\/157\/revisions\/195"}],"wp:attachment":[{"href":"https:\/\/sergiodemiguelmusic.com\/es\/wp-json\/wp\/v2\/media?parent=157"}],"wp:term":[{"taxonomy":"category","embeddable":true,"href":"https:\/\/sergiodemiguelmusic.com\/es\/wp-json\/wp\/v2\/categories?post=157"},{"taxonomy":"post_tag","embeddable":true,"href":"https:\/\/sergiodemiguelmusic.com\/es\/wp-json\/wp\/v2\/tags?post=157"}],"curies":[{"name":"wp","href":"https:\/\/api.w.org\/{rel}","templated":true}]}}